{"id":21408,"date":"2024-12-16T09:04:45","date_gmt":"2024-12-16T08:04:45","guid":{"rendered":"https:\/\/isitec-international.com\/webinar-esnek-ofis-ve-tele-calisma\/"},"modified":"2024-12-16T09:04:46","modified_gmt":"2024-12-16T08:04:46","slug":"webinar-esnek-ofis-ve-tele-calisma","status":"publish","type":"post","link":"https:\/\/isitec-international.com\/tr\/webinar-esnek-ofis-ve-tele-calisma\/","title":{"rendered":"webinar: Esnek ofis ve tele-\u00e7al\u0131\u015fma"},"content":{"rendered":"\n<div style=\"height:10px\" aria-hidden=\"true\" class=\"wp-block-spacer\"><\/div>\n\n<h2 class=\"wp-block-heading\">Genel hizmetler y\u00f6netiminizi optimize edin!<\/h2>\n\n<div class=\"wp-block-columns is-layout-flex wp-container-core-columns-is-layout-9d6595d7 wp-block-columns-is-layout-flex\">\n<div class=\"wp-block-column is-layout-flow wp-block-column-is-layout-flow\">\n<p>Flex-office ve tele-\u00e7al\u0131\u015fma, \u00e7al\u0131\u015fma alanlar\u0131n\u0131n ve genel hizmetlerin y\u00f6netimi s\u00f6z konusu oldu\u011funda \u015firketlerin beklentilerini ve k\u0131s\u0131tlamalar\u0131n\u0131 yeniden tan\u0131ml\u0131yor. \u00d6zellikle koli ve kay\u0131tl\u0131 posta ak\u0131\u015flar\u0131n\u0131n ak\u0131c\u0131 y\u00f6netimi ve verimli da\u011f\u0131t\u0131m\u0131 gibi yeni gereksinimler, \u00e7evik ve yenilik\u00e7i lojistik \u00e7\u00f6z\u00fcmleri gerektirmektedir.<\/p>\n<\/div>\n<\/div>\n\n<p>Bu \u00e7er\u00e7evede IDET, genel hizmetler y\u00f6neticileri, \u00e7al\u0131\u015fma ortam\u0131 y\u00f6neticileri ve lojistik y\u00f6neticileri i\u00e7in \u00f6zel olarak tasarlanm\u0131\u015f b\u00fcy\u00fcleyici bir webinar d\u00fczenledi. ISITEC International&#8217;da ak\u0131\u015f izlenebilirli\u011fi konusunda uzman olan Heddy Segai&#8217;nin ev sahipli\u011fini yapt\u0131\u011f\u0131 bu oturum, a\u015fa\u011f\u0131dakiler i\u00e7in uygulamas\u0131 kolay \u00e7\u00f6z\u00fcmleri ke\u015ffetmek i\u00e7in e\u015fsiz bir f\u0131rsat sundu:<\/p>\n\n<p>\u2714\ufe0f Ak\u0131\u015f izlenebilirli\u011fini optimize etme.<\/p>\n\n<p>\u2714\ufe0f Teslimat hatalar\u0131n\u0131n azalt\u0131lmas\u0131.<\/p>\n\n<p>\u2714\ufe0f \u00c7al\u0131\u015fan memnuniyetinin art\u0131r\u0131lmas\u0131.<\/p>\n\n<h4 class=\"wp-block-heading\">Tekrar oynat\u0131labilir!<\/h4>\n\n<p><p>Web seminerine kat\u0131lamad\u0131n\u0131z m\u0131? Endi\u015felenmeyin, tekrar\u0131 art\u0131k mevcut. <a href=\"https:\/\/youtu.be\/23aGrIA6IVc\">https:\/\/youtu.be\/23aGrIA6IVc<\/a><\/p><\/p>\n\n<p><p>Konuyla ilgili teknik raporumuzu da indirebilirsiniz: <a href=\"https:\/\/isitec-international.com\/tr\/tele-calisma-ve-esnek-ofisin-etkisi\/\">https:\/\/isitec-international.com\/fr\/limpact-du-teletravail-et-du-flex-office\/<\/a><\/p><\/p>\n","protected":false},"excerpt":{"rendered":"<p>Genel hizmetler y\u00f6netiminizi optimize edin! Flex-office ve tele-\u00e7al\u0131\u015fma, \u00e7al\u0131\u015fma alanlar\u0131n\u0131n ve genel hizmetlerin y\u00f6netimi s\u00f6z konusu oldu\u011funda \u015firketlerin beklentilerini ve k\u0131s\u0131tlamalar\u0131n\u0131 yeniden tan\u0131ml\u0131yor. \u00d6zellikle koli ve kay\u0131tl\u0131 posta ak\u0131\u015flar\u0131n\u0131n ak\u0131c\u0131 y\u00f6netimi ve verimli da\u011f\u0131t\u0131m\u0131 gibi yeni gereksinimler, \u00e7evik ve yenilik\u00e7i lojistik \u00e7\u00f6z\u00fcmleri gerektirmektedir. Bu \u00e7er\u00e7evede IDET, genel hizmetler y\u00f6neticileri, \u00e7al\u0131\u015fma ortam\u0131 y\u00f6neticileri ve lojistik y\u00f6neticileri [&hellip;]<\/p>\n","protected":false},"author":7,"featured_media":21244,"comment_status":"closed","ping_status":"closed","sticky":false,"template":"","format":"standard","meta":{"_seopress_robots_primary_cat":"Hi\u00e7biri","_seopress_titles_title":"","_seopress_titles_desc":"","_seopress_robots_index":"","_et_pb_use_builder":"","_et_pb_old_content":"","_et_gb_content_width":"","footnotes":""},"categories":[440],"tags":[357,358],"class_list":["post-21408","post","type-post","status-publish","format-standard","has-post-thumbnail","hentry","category-webinars","tag-isitrac-tr","tag-webinar-tr"],"_links":{"self":[{"href":"https:\/\/isitec-international.com\/tr\/wp-json\/wp\/v2\/posts\/21408","targetHints":{"allow":["GET"]}}],"collection":[{"href":"https:\/\/isitec-international.com\/tr\/wp-json\/wp\/v2\/posts"}],"about":[{"href":"https:\/\/isitec-international.com\/tr\/wp-json\/wp\/v2\/types\/post"}],"author":[{"embeddable":true,"href":"https:\/\/isitec-international.com\/tr\/wp-json\/wp\/v2\/users\/7"}],"replies":[{"embeddable":true,"href":"https:\/\/isitec-international.com\/tr\/wp-json\/wp\/v2\/comments?post=21408"}],"version-history":[{"count":1,"href":"https:\/\/isitec-international.com\/tr\/wp-json\/wp\/v2\/posts\/21408\/revisions"}],"predecessor-version":[{"id":21409,"href":"https:\/\/isitec-international.com\/tr\/wp-json\/wp\/v2\/posts\/21408\/revisions\/21409"}],"wp:featuredmedia":[{"embeddable":true,"href":"https:\/\/isitec-international.com\/tr\/wp-json\/wp\/v2\/media\/21244"}],"wp:attachment":[{"href":"https:\/\/isitec-international.com\/tr\/wp-json\/wp\/v2\/media?parent=21408"}],"wp:term":[{"taxonomy":"category","embeddable":true,"href":"https:\/\/isitec-international.com\/tr\/wp-json\/wp\/v2\/categories?post=21408"},{"taxonomy":"post_tag","embeddable":true,"href":"https:\/\/isitec-international.com\/tr\/wp-json\/wp\/v2\/tags?post=21408"}],"curies":[{"name":"wp","href":"https:\/\/api.w.org\/{rel}","templated":true}]}}